{"id":137,"date":"2011-09-19T09:44:53","date_gmt":"2011-09-19T16:44:53","guid":{"rendered":"http:\/\/45.33.111.17\/2011\/09\/19\/vacaciones-2\/"},"modified":"2011-09-19T09:44:53","modified_gmt":"2011-09-19T16:44:53","slug":"vacaciones-2","status":"publish","type":"post","link":"http:\/\/blog.chambombo.com\/?p=137","title":{"rendered":"VACACIONES"},"content":{"rendered":"<p>VACACIONES.<br \/>\nEmpieza a ser una costumbre, bien lamentable por mi parte, pedir perd\u00f3n por  mantener la libreta el\u00e9ctrica en silencio. Esta vez han sido tres meses, me lo recuerda Ana, mi m\u00e1s fiel lectora. Como tampoco s\u00e9 si hay muchas o pocas personas que echen de menos lo que yo apunto en la libreta, pedir\u00e9 un perd\u00f3n generalizado, como si fuesen miles. Esta vez, como las anteriores, no tengo una disculpa clara y contundente que me exculpe, si acaso las vacaciones que han estado por el medio y el tiempo veraniego que invita a la pereza. Podr\u00eda decir que tengo otras cosas que hacer, que yo no me gano la vida con esto, pero eso ser\u00eda una descortes\u00eda para los que aqu\u00ed, en la libreta el\u00e9ctrica, acostumbran a poner sus ojos. Ser\u00eda cuesti\u00f3n de escribir ahora un cuento, relato o historia, tan apasionante y divertida, que hiciese olvidar a todos el periodo de silencio, pero mucho me temo que no va a poder ser. Tampoco me pide hoy el cuerpo guerra ni cr\u00edtica, que ya est\u00e1n las cosas bastante sucias y penosas. Voy a contar entonces las extra\u00f1as vacaciones que este verano he sufrido, y se ver\u00e1 en el relato por qu\u00e9 escribo sufrido, y no disfrutado. Tendr\u00e9 que hacerlo por cap\u00edtulos, que no quiero resultar pesado y presentar ocho folios de una vez despu\u00e9s de tanto tiempo sin una letra.<br \/>\nVACACIONES-Cap\u00edtulo 1<br \/>\nTodo empez\u00f3 en Mayo, cuando mi reina encontr\u00f3 unas vacaciones diferentes. Nada de viajes de avi\u00f3n (que a m\u00ed el avi\u00f3n me resulta insufrible, no porque le tenga yo miedo, no, que va, es que le tengo terror) ni para\u00edsos ant\u00edpodas. Un sencillo, relajante, rom\u00e1ntico y novedoso crucero fluvial. La cosa pintaba divertida, porque el barco se alquila sin capit\u00e1n, ni piloto, ni grumete. Nosotros mismos gobernar\u00edamos el buque. A tan intr\u00e9pida empresa nos apuntamos con otra pareja, amigos nuestros, que mostraba tanta osad\u00eda o m\u00e1s que la nuestra. Ya s\u00e9 que parece mentira que, sin experiencia naval alguna, nos dejen a los de tierra adentro navegar libremente por el r\u00edo a bordo de una embarcaci\u00f3n de diez metros de eslora (de eslora quiere decir de largo, es por ir meti\u00e9ndonos en ambiente). A m\u00ed tambi\u00e9n me lo pareci\u00f3, pero as\u00ed era. Llegado agosto, para iniciar el crucero nos dirigimos a Francia, a la regi\u00f3n del r\u00edo Lot. All\u00ed nos dieron las instrucciones pertinentes, pocas. Las indicaciones tambi\u00e9n pertinentes, tambi\u00e9n pocas. El mapa del r\u00edo con la ruta a seguir, la situaci\u00f3n de las esclusas que tendr\u00edamos que pasar, muchas, y los peligros a evitar, tambi\u00e9n muchos. Fui nombrado, por unanimidad (aunque yo creo que fue por quitarse los dem\u00e1s el muerto de encima), capit\u00e1n de la expedici\u00f3n y nos  asignaron el buque ansiado. Flor de Planyol era su nombre.<br \/>\nFlor de Planyol es el nombre de un barco. Un d\u00eda fue un barco flamante y rumboso que surcaba las aguas del r\u00edo Lot arriba y abajo, incansable y marinero. Una naviera, dedicada al turismo, lo alquilaba para cruceros fluviales, as\u00ed que durante a\u00f1os soport\u00f3 capitanes y timoneles de todas las cataduras. Aloj\u00f3 en sus entra\u00f1as familias de ni\u00f1os traviesos y desordenados, parejas de enamorados tiernos y cuidadosos, grupos de amigos aspirantes a pirata y un sin fin de seres humanos de buenos y malos modales. Vivi\u00f3 borracheras memorables, peleas, reconciliaciones, pasiones inolvidables, cumplea\u00f1os, negociaciones y rupturas. Todo esto y el tiempo, que no conoce la piedad, lo convirtieron en la cafetera flotante que yo conoc\u00ed aquella ma\u00f1ana de agosto del dos mil once. He de reconocer que toda mi experiencia  como navegante, antes de capitanear el Flor de Planyol, se reduc\u00eda a gobernar, a manotadas, la c\u00e1mara inflada de un neum\u00e1tico de cami\u00f3n por las tranquilas aguas del pantano de mi pueblo, expuesto al mayor y \u00fanico peligro de clavarse la v\u00e1lvula en el culo. A\u00fan as\u00ed, como capit\u00e1n y antes de seguir, he de dejar mi nombre y persona, y el de mi tripulaci\u00f3n, libre de toda culpa en relaci\u00f3n a los acontecimientos que en adelante se van a contar.<br \/>\nDiario de a bordo del Flor de Planyol. Nueve de agosto del a\u00f1o dos mil once. En el d\u00eda de hoy, yo, Chambombo, tomo posesi\u00f3n y mando de esta cafetera que se me entrega, haci\u00e9ndola pasar por barco, cuando son las dos de la tarde. Forman mi tripulaci\u00f3n: como segundo de a bordo el contramaestre Jes\u00fas A.B. Alias Txugui. El resto de los ocupantes de este nav\u00edo, es decir, mi reina, alias Elvira, y la correspondiente por parte del contramaestre, alias Blanca, se niegan a aceptar m\u00e1s autoridad que la suya propia, por lo que los asuntos de mariner\u00eda y disciplina empiezan a ponerse feos desde ya. De obediencia mejor no hablamos. Como capit\u00e1n superviso y colaboro en la carga de cerveza, v\u00edveres, cerveza, enseres de pesca y ocio y m\u00e1s cerveza. Compruebo que todos los aparejos y maquinaria funcionan a satisfacci\u00f3n, que no entra agua por ning\u00fan maldito agujero, y doy las \u00faltimas \u00f3rdenes antes de iniciar la navegaci\u00f3n. Aqu\u00ed da comienzo la traves\u00eda.<br \/>\n\u00a1Avante a toda!<br \/>\n &#8211; Este cacharro no va. No tira bien.<br \/>\n Fueron mis primeras palabras. Se nos olvid\u00f3 soltar la amarra de popa, casi nos llevamos el embarcadero al medio del r\u00edo.<\/p>\n","protected":false},"excerpt":{"rendered":"<p>VACACIONES. Empieza a ser una costumbre, bien lamentable por mi parte, pedir perd\u00f3n por mantener la libreta el\u00e9ctrica en silencio. Esta vez han sido tres meses, me lo recuerda Ana, mi m\u00e1s fiel lectora. Como tampoco s\u00e9 si hay muchas &hellip; <a href=\"http:\/\/blog.chambombo.com\/?p=137\">Sigue leyendo <span class=\"meta-nav\">&rarr;<\/span><\/a><\/p>\n","protected":false},"author":3,"featured_media":0,"comment_status":"open","ping_status":"closed","sticky":false,"template":"","format":"standard","meta":{"footnotes":""},"categories":[1],"tags":[],"class_list":["post-137","post","type-post","status-publish","format-standard","hentry","category-entradas"],"_links":{"self":[{"href":"http:\/\/blog.chambombo.com\/index.php?rest_route=\/wp\/v2\/posts\/137"}],"collection":[{"href":"http:\/\/blog.chambombo.com\/index.php?rest_route=\/wp\/v2\/posts"}],"about":[{"href":"http:\/\/blog.chambombo.com\/index.php?rest_route=\/wp\/v2\/types\/post"}],"author":[{"embeddable":true,"href":"http:\/\/blog.chambombo.com\/index.php?rest_route=\/wp\/v2\/users\/3"}],"replies":[{"embeddable":true,"href":"http:\/\/blog.chambombo.com\/index.php?rest_route=%2Fwp%2Fv2%2Fcomments&post=137"}],"version-history":[{"count":0,"href":"http:\/\/blog.chambombo.com\/index.php?rest_route=\/wp\/v2\/posts\/137\/revisions"}],"wp:attachment":[{"href":"http:\/\/blog.chambombo.com\/index.php?rest_route=%2Fwp%2Fv2%2Fmedia&parent=137"}],"wp:term":[{"taxonomy":"category","embeddable":true,"href":"http:\/\/blog.chambombo.com\/index.php?rest_route=%2Fwp%2Fv2%2Fcategories&post=137"},{"taxonomy":"post_tag","embeddable":true,"href":"http:\/\/blog.chambombo.com\/index.php?rest_route=%2Fwp%2Fv2%2Ftags&post=137"}],"curies":[{"name":"wp","href":"https:\/\/api.w.org\/{rel}","templated":true}]}}